{"id":7834,"date":"2026-01-06T09:00:00","date_gmt":"2026-01-06T08:00:00","guid":{"rendered":"https:\/\/blog.simons-voss.com\/?p=7834"},"modified":"2026-04-24T13:16:07","modified_gmt":"2026-04-24T11:16:07","slug":"gestion-cles-entreprise","status":"publish","type":"post","link":"https:\/\/blog.simons-voss.com\/fr\/technologie\/gestion-cles-entreprise\/","title":{"rendered":"Gestion des cl\u00e9s en entreprise : pourquoi passer au num\u00e9rique ?"},"content":{"rendered":"<p>[et_pb_section fb_built=\u00a0\u00bb1&Prime; _builder_version=\u00a0\u00bb4.27.0&Prime; _module_preset=\u00a0\u00bbdefault\u00a0\u00bb global_colors_info=\u00a0\u00bb{}\u00a0\u00bb][et_pb_row _builder_version=\u00a0\u00bb4.27.0&Prime; _module_preset=\u00a0\u00bbdefault\u00a0\u00bb custom_margin=\u00a0\u00bb|auto||126px||\u00a0\u00bb global_colors_info=\u00a0\u00bb{}\u00a0\u00bb][et_pb_column type=\u00a0\u00bb4_4&Prime; _builder_version=\u00a0\u00bb4.27.0&Prime; _module_preset=\u00a0\u00bbdefault\u00a0\u00bb global_colors_info=\u00a0\u00bb{}\u00a0\u00bb][et_pb_text _builder_version=\u00a0\u00bb4.27.0&Prime; _module_preset=\u00a0\u00bbdefault\u00a0\u00bb global_colors_info=\u00a0\u00bb{}\u00a0\u00bb]<strong>La s\u00e9curit\u00e9 est au c\u0153ur des priorit\u00e9s des organisations professionnelles. Pourtant, la gestion des cl\u00e9s en entreprise et dans de nombreux types de b\u00e2timents (m\u00e9dical, m\u00e9dico-social, \u00e9ducatif, publique\u2026) demeure un d\u00e9fi majeur. Les m\u00e9thodes traditionnelles atteignent vite leurs limites.<\/strong><\/p>\n<p><strong>Comment s\u00e9curiser les acc\u00e8s avec simplicit\u00e9, flexibilit\u00e9 et des co\u00fbts ma\u00eetris\u00e9s&nbsp;? Les syst\u00e8mes de gestion d\u2019acc\u00e8s num\u00e9riques apportent des solutions concr\u00e8tes.<\/strong>[\/et_pb_text][et_pb_image src=\u00a0\u00bbhttps:\/\/blog.simons-voss.com\/wp-content\/uploads\/2025\/12\/Gestion-cles-entreprise-numerique.jpg\u00a0\u00bb title_text=\u00a0\u00bbGestion cles entreprise numerique\u00a0\u00bb align=\u00a0\u00bbcenter\u00a0\u00bb _builder_version=\u00a0\u00bb4.27.0&Prime; _module_preset=\u00a0\u00bbdefault\u00a0\u00bb custom_margin=\u00a0\u00bb30px||72px||false|false\u00a0\u00bb custom_padding=\u00a0\u00bb|30px||30px|false|false\u00a0\u00bb global_colors_info=\u00a0\u00bb{}\u00a0\u00bb][\/et_pb_image][et_pb_text _builder_version=\u00a0\u00bb4.27.0&Prime; _module_preset=\u00a0\u00bbdefault\u00a0\u00bb global_colors_info=\u00a0\u00bb{}\u00a0\u00bb]<\/p>\n<h2>Les enjeux de la gestion des cl\u00e9s en entreprise<\/h2>\n<p>La taille des organisations \u2013 priv\u00e9es ou publiques\u2013, la forte circulation humaine, la valeur des biens\u2026 autant de facteurs qui exigent une vigilance accrue.<\/p>\n<p>De fait, une <strong>mauvaise gestion des cl\u00e9s en entreprise<\/strong> expose ces derni\u00e8res \u00e0 des risques critiques.<\/p>\n<h3><span style=\"color: #f18c72;\">Les risques d\u2019une gestion des cl\u00e9s d\u00e9faillante<\/span><\/h3>\n<p>Un pilotage des cl\u00e9s inad\u00e9quat peut mener \u00e0 :<\/p>\n<p>[\/et_pb_text][et_pb_text ul_type=\u00a0\u00bbsquare\u00a0\u00bb ul_item_indent=\u00a0\u00bb51px\u00a0\u00bb admin_label=\u00a0\u00bbText\u00a0\u00bb _builder_version=\u00a0\u00bb4.27.0&Prime; ul_line_height=\u00a0\u00bb1.6em\u00a0\u00bb background_size=\u00a0\u00bbinitial\u00a0\u00bb background_position=\u00a0\u00bbtop_left\u00a0\u00bb background_repeat=\u00a0\u00bbrepeat\u00a0\u00bb custom_margin=\u00a0\u00bb-21px|||||\u00a0\u00bb custom_padding=\u00a0\u00bb0px|||0px||\u00a0\u00bb global_colors_info=\u00a0\u00bb{}\u00a0\u00bb]<\/p>\n<ul>\n<ul>\n<li style=\"font-weight: 400;\" aria-level=\"1\">des <strong>acc\u00e8s non autoris\u00e9s<\/strong> aux zones critiques du b\u00e2timent (salles de serveurs, etc.) ;<\/li>\n<li style=\"font-weight: 400;\" aria-level=\"1\">de potentiels<strong> vols de mat\u00e9riel<\/strong> ou <strong>violations de donn\u00e9es<\/strong> confidentielles, dans le cadre de trafic ou d\u2019espionnage industriel ;<\/li>\n<li style=\"font-weight: 400;\" aria-level=\"1\">des <strong>d\u00e9gradations<\/strong>, ou des <strong>agressions<\/strong> de collaborateurs ou d\u2019usagers.<\/li>\n<\/ul>\n<\/ul>\n<p><span style=\"font-size: 20px;\">Une <strong>solution de gestion des cl\u00e9s efficace<\/strong> doit donc s\u00e9curiser en m\u00eame temps les personnes, les biens mat\u00e9riels et les donn\u00e9es sensibles.<\/span><\/p>\n<p><span style=\"font-weight: 400;\"><\/span><\/p>\n<h2>La gestion traditionnelle des acc\u00e8s : limites et contraintes<\/h2>\n<p>Malheureusement, les m\u00e9thodes de<strong> gestion des cl\u00e9s<\/strong> traditionnelles, bas\u00e9es sur l\u2019utilisation de cl\u00e9s m\u00e9caniques, ne r\u00e9pondent pas suffisamment aux exigences s\u00e9curitaires.<\/p>\n<h3><span style=\"color: #f18c72;\">L\u2019armoire \u00e0 cl\u00e9s, un vestige du pass\u00e9&nbsp;?<\/span><\/h3>\n<p>Cette fameuse armoire, qui tr\u00f4ne g\u00e9n\u00e9ralement dans le bureau du<strong> responsable de b\u00e2timent ou de s\u00e9curit\u00e9<\/strong>, centralise les cl\u00e9s de tous les acc\u00e8s de l\u2019organisation. Le probl\u00e8me&nbsp;? G\u00e9rer ces cl\u00e9s devient vite compliqu\u00e9 en cas :<\/p>\n<ul>\n<li>de multiplication du <strong>nombre de cl\u00e9s<\/strong> ;<\/li>\n<li>d\u2019<strong>absence<\/strong> du personnel en charge ;<\/li>\n<li>de <strong>non-respect<\/strong> des proc\u00e9dures.<\/li>\n<\/ul>\n<h3><span style=\"color: #f18c72;\">Les failles d\u2019une gestion m\u00e9canique des cl\u00e9s<\/span><\/h3>\n<p>Ce syst\u00e8me pr\u00e9sente des inconv\u00e9nients non n\u00e9gligeables. C\u2019est tout d\u2019abord une perte de temps : rechercher dans l\u2019<strong>armoire \u00e0 cl\u00e9s<\/strong>, distribuer et r\u00e9cup\u00e9rer les trousseaux sont des t\u00e2ches chronophages et compliquent le suivi des cl\u00e9s.<\/p>\n<p>Aussi, une cl\u00e9 \u00e9gar\u00e9e g\u00e9n\u00e8re des impacts organisationnels et financiers, car elle oblige au remplacement co\u00fbteux des cylindres correspondants \u2013 autant de <strong>d\u00e9penses suppl\u00e9mentaires impr\u00e9vues<\/strong>.<\/p>\n<p>C\u00f4t\u00e9 s\u00e9curit\u00e9, en cas d\u2019incident, les cl\u00e9s m\u00e9caniques ne permettent pas de <strong>retracer<\/strong> qui a franchi quelle porte \u00e0 quel moment. Et en cas d\u2019urgence (incendie, intrusion), il est impossible de <strong>verrouiller ou d\u2019ouvrir tous les acc\u00e8s<\/strong> simultan\u00e9ment.<\/p>\n<p>&nbsp;<\/p>\n<h2>Les solutions num\u00e9riques : un contr\u00f4le d\u2019acc\u00e8s moderne et centralis\u00e9<\/h2>\n<p>Les<strong> syst\u00e8mes de contr\u00f4le d\u2019acc\u00e8s num\u00e9rique<\/strong> r\u00e9pondent aux failles li\u00e9es \u00e0 l\u2019utilisation des cl\u00e9s m\u00e9caniques. Un simple support d\u2019identification \u2013 transpondeur, carte RFID ou smartphone \u2013 permet d\u2019ouvrir des serrures \u00e9lectroniques. Leurs atouts principaux&nbsp;?<\/p>\n<h3><span style=\"color: #f18c72;\">Gestion des autorisations centralis\u00e9e et en temps r\u00e9el<\/span><\/h3>\n<p>Les droits d&rsquo;acc\u00e8s sont g\u00e9r\u00e9s via un <strong>logiciel<\/strong> qui communique instantan\u00e9ment les instructions aux fermetures \u00e9lectroniques. Il suffit de quelques clics pour modifier ou annuler des droits.<\/p>\n<h3><span style=\"color: #f18c72;\">Ma\u00eetrise des co\u00fbts \u00e0 long terme<\/span><\/h3>\n<p>Un <strong>identifiant unique et personnalis\u00e9<\/strong> permet \u00e0 chaque usager d\u2019acc\u00e9der \u00e0 tous les espaces qui lui sont autoris\u00e9s. Et en cas de perte, seul ce dernier est \u00e0 remplacer.<\/p>\n<h3><span style=\"color: #f18c72;\">Tra\u00e7abilit\u00e9 totale<\/span><\/h3>\n<p>L\u2019<strong>historique des acc\u00e8s<\/strong> (jour, heure, nom) est consign\u00e9 dans le logiciel de contr\u00f4le d\u2019acc\u00e8s. En cas d\u2019incident, toutes les informations sont \u00e0 disposition. Et bonus : son effet dissuasif limite les acc\u00e8s non autoris\u00e9s.<\/p>\n<h3><span style=\"color: #f18c72;\">Autres avantages d\u2019une gestion sans cl\u00e9<\/span><\/h3>\n<p>Les <strong>syst\u00e8mes num\u00e9riques<\/strong> permettent de connecter les portes, barri\u00e8res et portails via une mise en r\u00e9seau. En cas d\u2019intrusion ou d\u2019incendie, la <strong>gestion \u00e0 distance<\/strong> de ces acc\u00e8s permet de tous les ouvrir ou les verrouiller simultan\u00e9ment.<\/p>\n<p>Votre organisation impose une gestion des droits d\u2019acc\u00e8s plus fine (jours, horaires\u2026)&nbsp;? Le contr\u00f4le d\u2019acc\u00e8s num\u00e9rique offre des <strong>options de personnalisation<\/strong> selon les profils.<\/p>\n<p>&nbsp;<\/p>\n<h2>Quelles solutions choisir pour votre entreprise&nbsp;?<\/h2>\n<p>Le choix de la bonne solution de gestion des cl\u00e9s d\u00e9pend de la taille et de la complexit\u00e9 de votre organisation. <strong>SimonsVoss propose des dispositifs qui s&rsquo;adaptent \u00e0 vos besoins<\/strong>.<\/p>\n<h3><span style=\"color: #f18c72;\">System 3060 \u2013 Pour les b\u00e2timents professionnels<\/span><\/h3>\n<p>Con\u00e7u pour les grandes organisations, le <a href=\"https:\/\/www.simons-voss.com\/fr\/produits\/system-3060.html\" target=\"_blank\" rel=\"noopener\">System 3060<\/a> est une solution num\u00e9rique compl\u00e8te incluant :<\/p>\n<ul>\n<li><strong>le logiciel de gestion centralis\u00e9e (AXM Classic)<\/strong> \u2013 g\u00e9rant jusqu&rsquo;\u00e0 64 000 portes et utilisateurs par syst\u00e8me ;<\/li>\n<li><strong>la possibilit\u00e9 de couvrir plusieurs lieux distincts<\/strong> \u2013 pertinents pour les organisations multisites ;<\/li>\n<li><strong>un aspect modulaire<\/strong> qui permet d&rsquo;\u00e9tendre facilement le p\u00e9rim\u00e8tre du syst\u00e8me ou de le mettre \u00e0 niveau.<\/li>\n<\/ul>\n<h3><span style=\"color: #f18c72;\">SmartIntego \u2013 Pour les environnements complexes<\/span><\/h3>\n<p>C\u2019est la solution id\u00e9ale pour les entreprises aux <strong>contraintes diversifi\u00e9es<\/strong>. Les composants de <a href=\"https:\/\/www.simons-voss.com\/fr\/produits\/smart-intego.html\" target=\"_blank\" rel=\"noopener\">SmartIntego<\/a> \u2013 fermeture num\u00e9rique, poign\u00e9es SmartHandle et autres dispositifs \u2014 peuvent \u00eatre inclus directement dans un syst\u00e8me global de gestion du b\u00e2timent g\u00e9r\u00e9 par un <strong>int\u00e9grateur<\/strong>. Ceci facilite la supervision centralis\u00e9e des acc\u00e8s et la coordination avec d\u2019autres syst\u00e8mes (vid\u00e9osurveillance, alarmes, gestion technique, etc.), tout en tirant parti des infrastructures IT existantes.[\/et_pb_text][\/et_pb_column][\/et_pb_row][et_pb_row _builder_version=\u00a0\u00bb4.16&Prime; _module_preset=\u00a0\u00bbdefault\u00a0\u00bb background_color=\u00a0\u00bb#f5f5f5&Prime; custom_margin=\u00a0\u00bb50px|auto||auto||\u00a0\u00bb hover_enabled=\u00a0\u00bb0&Prime; global_colors_info=\u00a0\u00bb{}\u00a0\u00bb sticky_enabled=\u00a0\u00bb0&Prime;][et_pb_column type=\u00a0\u00bb4_4&Prime; _builder_version=\u00a0\u00bb4.16&Prime; _module_preset=\u00a0\u00bbdefault\u00a0\u00bb global_colors_info=\u00a0\u00bb{}\u00a0\u00bb][et_pb_text _builder_version=\u00a0\u00bb4.27.0&Prime; _module_preset=\u00a0\u00bbdefault\u00a0\u00bb custom_margin=\u00a0\u00bb30px|30px|30px|30px|false|false\u00a0\u00bb custom_margin_tablet=\u00a0\u00bb30px|30px|30px|30px|false|false\u00a0\u00bb custom_margin_phone=\u00a0\u00bb30px|30px|30px|30px|false|false\u00a0\u00bb custom_margin_last_edited=\u00a0\u00bbon|desktop\u00a0\u00bb hover_enabled=\u00a0\u00bb0&Prime; global_colors_info=\u00a0\u00bb{}\u00a0\u00bb sticky_enabled=\u00a0\u00bb0&Prime;]<\/p>\n<h2><span style=\"font-weight: 400;\">Gestion des cl\u00e9s num\u00e9riques en entreprise : vos questions fr\u00e9quentes<\/span><\/h2>\n<p><span style=\"font-weight: 400;\"><\/span><\/p>\n<h3><span style=\"color: #f18c72;\"><strong>Comment une solution num\u00e9rique simplifie-t-elle la gestion \u00e0 distance des acc\u00e8s ?<br \/><\/strong><\/span><\/h3>\n<p>Gr\u00e2ce \u00e0 un <strong>logiciel de gestion des acc\u00e8s centralis\u00e9<\/strong>. Il permet de modifier, d\u2019ajouter ou de retirer des autorisations d&rsquo;acc\u00e8s \u00e0 tout moment, et ce, en temps r\u00e9el.<\/p>\n<h3><span style=\"color: #f18c72;\"><strong>Dans quel but les donn\u00e9es personnelles sont-elles stock\u00e9es ?<\/strong><\/span><\/h3>\n<p><span style=\"font-weight: 300;\">En cas de <\/span><strong>perte de perte d&rsquo;identifiant<\/strong><span style=\"font-weight: 300;\"> (carte, TAG\u2026) il peut \u00eatre bloqu\u00e9 via le logiciel de contr\u00f4le d&rsquo;acc\u00e8s. Un nouvel identifiant peut ensuite \u00eatre programm\u00e9 et remis sans d\u00e9lai et sans remplacement de mat\u00e9riel suppl\u00e9mentaire.<\/span><\/p>\n<h3><span style=\"color: #f18c72;\"><strong>Les syst\u00e8mes num\u00e9riques sont-ils adapt\u00e9s aux entreprises en croissance ?<br \/><\/strong><\/span><\/h3>\n<p><span style=\"font-weight: 300;\">Oui, les syst\u00e8mes SimonsVoss \u2013 comme le System 3060 \u2013 sont con\u00e7us sur une <\/span><strong>base<\/strong> <strong>modulaire<\/strong><span style=\"font-weight: 300;\">, donc facilement extensibles \u00e0 des \u00e9quipements, b\u00e2timents ou sites suppl\u00e9mentaires. Le plus : la<\/span> <strong>r\u00e9trocompatibilit\u00e9<\/strong><span style=\"font-weight: 300;\"> de toutes les nouvelles gammes avec les pr\u00e9c\u00e9dentes. La rentabilit\u00e9 de votre investissement sur le long terme est donc garantie.<\/span><\/p>\n<p>[\/et_pb_text][\/et_pb_column][\/et_pb_row][et_pb_row _builder_version=\u00a0\u00bb4.27.0&Prime; _module_preset=\u00a0\u00bbdefault\u00a0\u00bb global_colors_info=\u00a0\u00bb{}\u00a0\u00bb][et_pb_column type=\u00a0\u00bb4_4&Prime; _builder_version=\u00a0\u00bb4.27.0&Prime; _module_preset=\u00a0\u00bbdefault\u00a0\u00bb global_colors_info=\u00a0\u00bb{}\u00a0\u00bb][et_pb_text _builder_version=\u00a0\u00bb4.27.0&Prime; _module_preset=\u00a0\u00bbdefault\u00a0\u00bb custom_margin=\u00a0\u00bb55px|||||\u00a0\u00bb global_colors_info=\u00a0\u00bb{}\u00a0\u00bb]<\/p>\n<p><strong>La gestion des cl\u00e9s en entreprise est un enjeu strat\u00e9gique majeur. Face aux limites d&rsquo;une approche m\u00e9canique, les syst\u00e8mes de gestion num\u00e9riques s&rsquo;imposent comme un incontournable gr\u00e2ce \u00e0 leur niveau de s\u00e9curit\u00e9 \u00e9lev\u00e9 et leur flexibilit\u00e9 op\u00e9rationnelle.<\/strong><\/p>\n<p>[\/et_pb_text][et_pb_button button_url=\u00a0\u00bbhttps:\/\/www.simons-voss.com\/fr\/solutions-sectorielles.html\u00a0\u00bb url_new_window=\u00a0\u00bbon\u00a0\u00bb button_text=\u00a0\u00bb D\u00e9couvrir les solutions  de contr\u00f4le d\u2019acc\u00e8s SimonsVoss\u00a0\u00bb button_alignment=\u00a0\u00bbcenter\u00a0\u00bb button_text_tablet=\u00a0\u00bbVous \u00eates int\u00e9ress\u00e9 par plus d&rsquo;informations sur nos cylindres pour portes VS ? Contactez-nous ! \u00a0\u00bb button_text_phone=\u00a0\u00bbVous \u00eates int\u00e9ress\u00e9 par plus d&rsquo;informations sur nos cylindres pour portes VS ? Contactez-nous ! \u00a0\u00bb button_text_last_edited=\u00a0\u00bbon|desktop\u00a0\u00bb admin_label=\u00a0\u00bbButton\u00a0\u00bb _builder_version=\u00a0\u00bb4.27.0&Prime; _module_preset=\u00a0\u00bbdefault\u00a0\u00bb custom_button=\u00a0\u00bbon\u00a0\u00bb button_text_size=\u00a0\u00bb22px\u00a0\u00bb button_bg_color=\u00a0\u00bbgcid-91d04bb3-64d6-4a61-af09-db70abd760f1&Prime; button_icon=\u00a0\u00bb&#x3d;||divi||400&Prime; button_icon_placement=\u00a0\u00bbleft\u00a0\u00bb background_layout=\u00a0\u00bbdark\u00a0\u00bb button_text_size_tablet=\u00a0\u00bb22px\u00a0\u00bb button_text_size_phone=\u00a0\u00bb18px\u00a0\u00bb button_text_size_last_edited=\u00a0\u00bbon|phone\u00a0\u00bb background_layout_tablet=\u00a0\u00bbdark\u00a0\u00bb background_layout_phone=\u00a0\u00bbdark\u00a0\u00bb background_layout_last_edited=\u00a0\u00bbon|desktop\u00a0\u00bb global_colors_info=\u00a0\u00bb{%22gcid-91d04bb3-64d6-4a61-af09-db70abd760f1%22:%91%22button_bg_color%22%93,%22gcid-965133ee-5808-457a-8c86-abced6bffcc3%22:%91%22button_bg_color__hover%22%93}\u00a0\u00bb button_bg_color__hover_enabled=\u00a0\u00bbon|desktop\u00a0\u00bb button_bg_color__hover=\u00a0\u00bb#477abd\u00a0\u00bb button_bg_enable_color__hover=\u00a0\u00bbon\u00a0\u00bb][\/et_pb_button][\/et_pb_column][\/et_pb_row][\/et_pb_section]<\/p>\n","protected":false},"excerpt":{"rendered":"<p>La s\u00e9curit\u00e9 est au c\u0153ur des priorit\u00e9s des organisations professionnelles. Pourtant, la gestion des cl\u00e9s en entreprise et dans de nombreux types de b\u00e2timents (m\u00e9dical, m\u00e9dico-social, \u00e9ducatif, publique\u2026) demeure un d\u00e9fi majeur. Les m\u00e9thodes traditionnelles atteignent vite leurs limites. Comment s\u00e9curiser les acc\u00e8s avec simplicit\u00e9, flexibilit\u00e9 et des co\u00fbts ma\u00eetris\u00e9s&nbsp;? Les syst\u00e8mes de gestion d\u2019acc\u00e8s [&hellip;]<\/p>\n","protected":false},"author":15,"featured_media":7836,"comment_status":"open","ping_status":"open","sticky":false,"template":"","format":"standard","meta":{"_et_pb_use_builder":"on","_et_pb_old_content":"","_et_gb_content_width":"","footnotes":""},"categories":[322],"tags":[],"class_list":["post-7834","post","type-post","status-publish","format-standard","has-post-thumbnail","hentry","category-technologie"],"yoast_head":"<!-- This site is optimized with the Yoast SEO plugin v27.4 - https:\/\/yoast.com\/product\/yoast-seo-wordpress\/ -->\n<title>Gestion des cl\u00e9s en entreprise : passez au num\u00e9rique<\/title>\n<meta name=\"description\" content=\"Les limites de la gestion des cl\u00e9s en entreprise classique vous freinent ? Explorez les solutions de contr\u00f4le d&#039;acc\u00e8s num\u00e9riques : tra\u00e7abilit\u00e9, pilotage, \u00e9conomies\u2026\" \/>\n<meta name=\"robots\" content=\"index, follow, max-snippet:-1, max-image-preview:large, max-video-preview:-1\" \/>\n<link rel=\"canonical\" href=\"https:\/\/blog.simons-voss.com\/fr\/technologie\/gestion-cles-entreprise\/\" \/>\n<meta property=\"og:locale\" content=\"fr_FR\" \/>\n<meta property=\"og:type\" content=\"article\" \/>\n<meta property=\"og:title\" content=\"Gestion des cl\u00e9s en entreprise : passez au num\u00e9rique\" \/>\n<meta property=\"og:description\" content=\"Les limites de la gestion des cl\u00e9s en entreprise classique vous freinent ? Explorez les solutions de contr\u00f4le d&#039;acc\u00e8s num\u00e9riques : tra\u00e7abilit\u00e9, pilotage, \u00e9conomies\u2026\" \/>\n<meta property=\"og:url\" content=\"https:\/\/blog.simons-voss.com\/fr\/technologie\/gestion-cles-entreprise\/\" \/>\n<meta property=\"og:site_name\" content=\"SimonsVoss Magazin\" \/>\n<meta property=\"article:published_time\" content=\"2026-01-06T08:00:00+00:00\" \/>\n<meta property=\"article:modified_time\" content=\"2026-04-24T11:16:07+00:00\" \/>\n<meta property=\"og:image\" content=\"https:\/\/blog.simons-voss.com\/wp-content\/uploads\/2025\/12\/Gestion-cles-entreprise-numerique.jpg\" \/>\n\t<meta property=\"og:image:width\" content=\"1999\" \/>\n\t<meta property=\"og:image:height\" content=\"1333\" \/>\n\t<meta property=\"og:image:type\" content=\"image\/jpeg\" \/>\n<meta name=\"author\" content=\"Sandrine Demas\" \/>\n<meta name=\"twitter:card\" content=\"summary_large_image\" \/>\n<meta name=\"twitter:label1\" content=\"\u00c9crit par\" \/>\n\t<meta name=\"twitter:data1\" content=\"Sandrine Demas\" \/>\n\t<meta name=\"twitter:label2\" content=\"Dur\u00e9e de lecture estim\u00e9e\" \/>\n\t<meta name=\"twitter:data2\" content=\"6 minutes\" \/>\n<script type=\"application\/ld+json\" class=\"yoast-schema-graph\">{\"@context\":\"https:\\\/\\\/schema.org\",\"@graph\":[{\"@type\":\"Article\",\"@id\":\"https:\\\/\\\/blog.simons-voss.com\\\/fr\\\/technologie\\\/gestion-cles-entreprise\\\/#article\",\"isPartOf\":{\"@id\":\"https:\\\/\\\/blog.simons-voss.com\\\/fr\\\/technologie\\\/gestion-cles-entreprise\\\/\"},\"author\":{\"name\":\"Sandrine Demas\",\"@id\":\"https:\\\/\\\/blog.simons-voss.com\\\/fr\\\/#\\\/schema\\\/person\\\/0669e9a0f25f04fddde05714930b2af5\"},\"headline\":\"Gestion des cl\u00e9s en entreprise : pourquoi passer au num\u00e9rique ?\",\"datePublished\":\"2026-01-06T08:00:00+00:00\",\"dateModified\":\"2026-04-24T11:16:07+00:00\",\"mainEntityOfPage\":{\"@id\":\"https:\\\/\\\/blog.simons-voss.com\\\/fr\\\/technologie\\\/gestion-cles-entreprise\\\/\"},\"wordCount\":1651,\"commentCount\":0,\"publisher\":{\"@id\":\"https:\\\/\\\/blog.simons-voss.com\\\/fr\\\/#organization\"},\"image\":{\"@id\":\"https:\\\/\\\/blog.simons-voss.com\\\/fr\\\/technologie\\\/gestion-cles-entreprise\\\/#primaryimage\"},\"thumbnailUrl\":\"https:\\\/\\\/blog.simons-voss.com\\\/wp-content\\\/uploads\\\/2025\\\/12\\\/Gestion-cles-entreprise-numerique.jpg\",\"articleSection\":[\"Technologie\"],\"inLanguage\":\"fr-FR\",\"potentialAction\":[{\"@type\":\"CommentAction\",\"name\":\"Comment\",\"target\":[\"https:\\\/\\\/blog.simons-voss.com\\\/fr\\\/technologie\\\/gestion-cles-entreprise\\\/#respond\"]}]},{\"@type\":\"WebPage\",\"@id\":\"https:\\\/\\\/blog.simons-voss.com\\\/fr\\\/technologie\\\/gestion-cles-entreprise\\\/\",\"url\":\"https:\\\/\\\/blog.simons-voss.com\\\/fr\\\/technologie\\\/gestion-cles-entreprise\\\/\",\"name\":\"Gestion des cl\u00e9s en entreprise : passez au num\u00e9rique\",\"isPartOf\":{\"@id\":\"https:\\\/\\\/blog.simons-voss.com\\\/fr\\\/#website\"},\"primaryImageOfPage\":{\"@id\":\"https:\\\/\\\/blog.simons-voss.com\\\/fr\\\/technologie\\\/gestion-cles-entreprise\\\/#primaryimage\"},\"image\":{\"@id\":\"https:\\\/\\\/blog.simons-voss.com\\\/fr\\\/technologie\\\/gestion-cles-entreprise\\\/#primaryimage\"},\"thumbnailUrl\":\"https:\\\/\\\/blog.simons-voss.com\\\/wp-content\\\/uploads\\\/2025\\\/12\\\/Gestion-cles-entreprise-numerique.jpg\",\"datePublished\":\"2026-01-06T08:00:00+00:00\",\"dateModified\":\"2026-04-24T11:16:07+00:00\",\"description\":\"Les limites de la gestion des cl\u00e9s en entreprise classique vous freinent ? Explorez les solutions de contr\u00f4le d'acc\u00e8s num\u00e9riques : tra\u00e7abilit\u00e9, pilotage, \u00e9conomies\u2026\",\"breadcrumb\":{\"@id\":\"https:\\\/\\\/blog.simons-voss.com\\\/fr\\\/technologie\\\/gestion-cles-entreprise\\\/#breadcrumb\"},\"inLanguage\":\"fr-FR\",\"potentialAction\":[{\"@type\":\"ReadAction\",\"target\":[\"https:\\\/\\\/blog.simons-voss.com\\\/fr\\\/technologie\\\/gestion-cles-entreprise\\\/\"]}]},{\"@type\":\"ImageObject\",\"inLanguage\":\"fr-FR\",\"@id\":\"https:\\\/\\\/blog.simons-voss.com\\\/fr\\\/technologie\\\/gestion-cles-entreprise\\\/#primaryimage\",\"url\":\"https:\\\/\\\/blog.simons-voss.com\\\/wp-content\\\/uploads\\\/2025\\\/12\\\/Gestion-cles-entreprise-numerique.jpg\",\"contentUrl\":\"https:\\\/\\\/blog.simons-voss.com\\\/wp-content\\\/uploads\\\/2025\\\/12\\\/Gestion-cles-entreprise-numerique.jpg\",\"width\":1999,\"height\":1333},{\"@type\":\"BreadcrumbList\",\"@id\":\"https:\\\/\\\/blog.simons-voss.com\\\/fr\\\/technologie\\\/gestion-cles-entreprise\\\/#breadcrumb\",\"itemListElement\":[{\"@type\":\"ListItem\",\"position\":1,\"name\":\"Startseite\",\"item\":\"https:\\\/\\\/blog.simons-voss.com\\\/fr\\\/\"},{\"@type\":\"ListItem\",\"position\":2,\"name\":\"Gestion des cl\u00e9s en entreprise : pourquoi passer au num\u00e9rique ?\"}]},{\"@type\":\"WebSite\",\"@id\":\"https:\\\/\\\/blog.simons-voss.com\\\/fr\\\/#website\",\"url\":\"https:\\\/\\\/blog.simons-voss.com\\\/fr\\\/\",\"name\":\"SimonsVoss Magazin\",\"description\":\"Alles, was Sie \u00fcber digitale Schlie\u00dfsysteme wissen m\u00fcssen!\",\"publisher\":{\"@id\":\"https:\\\/\\\/blog.simons-voss.com\\\/fr\\\/#organization\"},\"potentialAction\":[{\"@type\":\"SearchAction\",\"target\":{\"@type\":\"EntryPoint\",\"urlTemplate\":\"https:\\\/\\\/blog.simons-voss.com\\\/fr\\\/?s={search_term_string}\"},\"query-input\":{\"@type\":\"PropertyValueSpecification\",\"valueRequired\":true,\"valueName\":\"search_term_string\"}}],\"inLanguage\":\"fr-FR\"},{\"@type\":\"Organization\",\"@id\":\"https:\\\/\\\/blog.simons-voss.com\\\/fr\\\/#organization\",\"name\":\"SimonsVoss Technologies GmbH\",\"url\":\"https:\\\/\\\/blog.simons-voss.com\\\/fr\\\/\",\"logo\":{\"@type\":\"ImageObject\",\"inLanguage\":\"fr-FR\",\"@id\":\"https:\\\/\\\/blog.simons-voss.com\\\/fr\\\/#\\\/schema\\\/logo\\\/image\\\/\",\"url\":\"https:\\\/\\\/blog.simons-voss.com\\\/wp-content\\\/uploads\\\/2023\\\/07\\\/SV-logo.png\",\"contentUrl\":\"https:\\\/\\\/blog.simons-voss.com\\\/wp-content\\\/uploads\\\/2023\\\/07\\\/SV-logo.png\",\"width\":600,\"height\":154,\"caption\":\"SimonsVoss Technologies GmbH\"},\"image\":{\"@id\":\"https:\\\/\\\/blog.simons-voss.com\\\/fr\\\/#\\\/schema\\\/logo\\\/image\\\/\"},\"sameAs\":[\"https:\\\/\\\/www.linkedin.com\\\/company\\\/simonsvoss\\\/\",\"https:\\\/\\\/www.youtube.com\\\/channel\\\/UCv-1cCpIedcgsgZzGbOohdQ\"]},{\"@type\":\"Person\",\"@id\":\"https:\\\/\\\/blog.simons-voss.com\\\/fr\\\/#\\\/schema\\\/person\\\/0669e9a0f25f04fddde05714930b2af5\",\"name\":\"Sandrine Demas\",\"image\":{\"@type\":\"ImageObject\",\"inLanguage\":\"fr-FR\",\"@id\":\"https:\\\/\\\/secure.gravatar.com\\\/avatar\\\/a628ca2801f6ec54346d01629f08e488fdb9244f4ecb8b06abbaba889fcda7b3?s=96&d=mm&r=g\",\"url\":\"https:\\\/\\\/secure.gravatar.com\\\/avatar\\\/a628ca2801f6ec54346d01629f08e488fdb9244f4ecb8b06abbaba889fcda7b3?s=96&d=mm&r=g\",\"contentUrl\":\"https:\\\/\\\/secure.gravatar.com\\\/avatar\\\/a628ca2801f6ec54346d01629f08e488fdb9244f4ecb8b06abbaba889fcda7b3?s=96&d=mm&r=g\",\"caption\":\"Sandrine Demas\"},\"url\":\"https:\\\/\\\/blog.simons-voss.com\\\/fr\\\/author\\\/sandrine\\\/\"}]}<\/script>\n<!-- \/ Yoast SEO plugin. -->","yoast_head_json":{"title":"Gestion des cl\u00e9s en entreprise : passez au num\u00e9rique","description":"Les limites de la gestion des cl\u00e9s en entreprise classique vous freinent ? Explorez les solutions de contr\u00f4le d'acc\u00e8s num\u00e9riques : tra\u00e7abilit\u00e9, pilotage, \u00e9conomies\u2026","robots":{"index":"index","follow":"follow","max-snippet":"max-snippet:-1","max-image-preview":"max-image-preview:large","max-video-preview":"max-video-preview:-1"},"canonical":"https:\/\/blog.simons-voss.com\/fr\/technologie\/gestion-cles-entreprise\/","og_locale":"fr_FR","og_type":"article","og_title":"Gestion des cl\u00e9s en entreprise : passez au num\u00e9rique","og_description":"Les limites de la gestion des cl\u00e9s en entreprise classique vous freinent ? Explorez les solutions de contr\u00f4le d'acc\u00e8s num\u00e9riques : tra\u00e7abilit\u00e9, pilotage, \u00e9conomies\u2026","og_url":"https:\/\/blog.simons-voss.com\/fr\/technologie\/gestion-cles-entreprise\/","og_site_name":"SimonsVoss Magazin","article_published_time":"2026-01-06T08:00:00+00:00","article_modified_time":"2026-04-24T11:16:07+00:00","og_image":[{"width":1999,"height":1333,"url":"https:\/\/blog.simons-voss.com\/wp-content\/uploads\/2025\/12\/Gestion-cles-entreprise-numerique.jpg","type":"image\/jpeg"}],"author":"Sandrine Demas","twitter_card":"summary_large_image","twitter_misc":{"\u00c9crit par":"Sandrine Demas","Dur\u00e9e de lecture estim\u00e9e":"6 minutes"},"schema":{"@context":"https:\/\/schema.org","@graph":[{"@type":"Article","@id":"https:\/\/blog.simons-voss.com\/fr\/technologie\/gestion-cles-entreprise\/#article","isPartOf":{"@id":"https:\/\/blog.simons-voss.com\/fr\/technologie\/gestion-cles-entreprise\/"},"author":{"name":"Sandrine Demas","@id":"https:\/\/blog.simons-voss.com\/fr\/#\/schema\/person\/0669e9a0f25f04fddde05714930b2af5"},"headline":"Gestion des cl\u00e9s en entreprise : pourquoi passer au num\u00e9rique ?","datePublished":"2026-01-06T08:00:00+00:00","dateModified":"2026-04-24T11:16:07+00:00","mainEntityOfPage":{"@id":"https:\/\/blog.simons-voss.com\/fr\/technologie\/gestion-cles-entreprise\/"},"wordCount":1651,"commentCount":0,"publisher":{"@id":"https:\/\/blog.simons-voss.com\/fr\/#organization"},"image":{"@id":"https:\/\/blog.simons-voss.com\/fr\/technologie\/gestion-cles-entreprise\/#primaryimage"},"thumbnailUrl":"https:\/\/blog.simons-voss.com\/wp-content\/uploads\/2025\/12\/Gestion-cles-entreprise-numerique.jpg","articleSection":["Technologie"],"inLanguage":"fr-FR","potentialAction":[{"@type":"CommentAction","name":"Comment","target":["https:\/\/blog.simons-voss.com\/fr\/technologie\/gestion-cles-entreprise\/#respond"]}]},{"@type":"WebPage","@id":"https:\/\/blog.simons-voss.com\/fr\/technologie\/gestion-cles-entreprise\/","url":"https:\/\/blog.simons-voss.com\/fr\/technologie\/gestion-cles-entreprise\/","name":"Gestion des cl\u00e9s en entreprise : passez au num\u00e9rique","isPartOf":{"@id":"https:\/\/blog.simons-voss.com\/fr\/#website"},"primaryImageOfPage":{"@id":"https:\/\/blog.simons-voss.com\/fr\/technologie\/gestion-cles-entreprise\/#primaryimage"},"image":{"@id":"https:\/\/blog.simons-voss.com\/fr\/technologie\/gestion-cles-entreprise\/#primaryimage"},"thumbnailUrl":"https:\/\/blog.simons-voss.com\/wp-content\/uploads\/2025\/12\/Gestion-cles-entreprise-numerique.jpg","datePublished":"2026-01-06T08:00:00+00:00","dateModified":"2026-04-24T11:16:07+00:00","description":"Les limites de la gestion des cl\u00e9s en entreprise classique vous freinent ? Explorez les solutions de contr\u00f4le d'acc\u00e8s num\u00e9riques : tra\u00e7abilit\u00e9, pilotage, \u00e9conomies\u2026","breadcrumb":{"@id":"https:\/\/blog.simons-voss.com\/fr\/technologie\/gestion-cles-entreprise\/#breadcrumb"},"inLanguage":"fr-FR","potentialAction":[{"@type":"ReadAction","target":["https:\/\/blog.simons-voss.com\/fr\/technologie\/gestion-cles-entreprise\/"]}]},{"@type":"ImageObject","inLanguage":"fr-FR","@id":"https:\/\/blog.simons-voss.com\/fr\/technologie\/gestion-cles-entreprise\/#primaryimage","url":"https:\/\/blog.simons-voss.com\/wp-content\/uploads\/2025\/12\/Gestion-cles-entreprise-numerique.jpg","contentUrl":"https:\/\/blog.simons-voss.com\/wp-content\/uploads\/2025\/12\/Gestion-cles-entreprise-numerique.jpg","width":1999,"height":1333},{"@type":"BreadcrumbList","@id":"https:\/\/blog.simons-voss.com\/fr\/technologie\/gestion-cles-entreprise\/#breadcrumb","itemListElement":[{"@type":"ListItem","position":1,"name":"Startseite","item":"https:\/\/blog.simons-voss.com\/fr\/"},{"@type":"ListItem","position":2,"name":"Gestion des cl\u00e9s en entreprise : pourquoi passer au num\u00e9rique ?"}]},{"@type":"WebSite","@id":"https:\/\/blog.simons-voss.com\/fr\/#website","url":"https:\/\/blog.simons-voss.com\/fr\/","name":"SimonsVoss Magazin","description":"Alles, was Sie \u00fcber digitale Schlie\u00dfsysteme wissen m\u00fcssen!","publisher":{"@id":"https:\/\/blog.simons-voss.com\/fr\/#organization"},"potentialAction":[{"@type":"SearchAction","target":{"@type":"EntryPoint","urlTemplate":"https:\/\/blog.simons-voss.com\/fr\/?s={search_term_string}"},"query-input":{"@type":"PropertyValueSpecification","valueRequired":true,"valueName":"search_term_string"}}],"inLanguage":"fr-FR"},{"@type":"Organization","@id":"https:\/\/blog.simons-voss.com\/fr\/#organization","name":"SimonsVoss Technologies GmbH","url":"https:\/\/blog.simons-voss.com\/fr\/","logo":{"@type":"ImageObject","inLanguage":"fr-FR","@id":"https:\/\/blog.simons-voss.com\/fr\/#\/schema\/logo\/image\/","url":"https:\/\/blog.simons-voss.com\/wp-content\/uploads\/2023\/07\/SV-logo.png","contentUrl":"https:\/\/blog.simons-voss.com\/wp-content\/uploads\/2023\/07\/SV-logo.png","width":600,"height":154,"caption":"SimonsVoss Technologies GmbH"},"image":{"@id":"https:\/\/blog.simons-voss.com\/fr\/#\/schema\/logo\/image\/"},"sameAs":["https:\/\/www.linkedin.com\/company\/simonsvoss\/","https:\/\/www.youtube.com\/channel\/UCv-1cCpIedcgsgZzGbOohdQ"]},{"@type":"Person","@id":"https:\/\/blog.simons-voss.com\/fr\/#\/schema\/person\/0669e9a0f25f04fddde05714930b2af5","name":"Sandrine Demas","image":{"@type":"ImageObject","inLanguage":"fr-FR","@id":"https:\/\/secure.gravatar.com\/avatar\/a628ca2801f6ec54346d01629f08e488fdb9244f4ecb8b06abbaba889fcda7b3?s=96&d=mm&r=g","url":"https:\/\/secure.gravatar.com\/avatar\/a628ca2801f6ec54346d01629f08e488fdb9244f4ecb8b06abbaba889fcda7b3?s=96&d=mm&r=g","contentUrl":"https:\/\/secure.gravatar.com\/avatar\/a628ca2801f6ec54346d01629f08e488fdb9244f4ecb8b06abbaba889fcda7b3?s=96&d=mm&r=g","caption":"Sandrine Demas"},"url":"https:\/\/blog.simons-voss.com\/fr\/author\/sandrine\/"}]}},"_links":{"self":[{"href":"https:\/\/blog.simons-voss.com\/fr\/wp-json\/wp\/v2\/posts\/7834","targetHints":{"allow":["GET"]}}],"collection":[{"href":"https:\/\/blog.simons-voss.com\/fr\/wp-json\/wp\/v2\/posts"}],"about":[{"href":"https:\/\/blog.simons-voss.com\/fr\/wp-json\/wp\/v2\/types\/post"}],"author":[{"embeddable":true,"href":"https:\/\/blog.simons-voss.com\/fr\/wp-json\/wp\/v2\/users\/15"}],"replies":[{"embeddable":true,"href":"https:\/\/blog.simons-voss.com\/fr\/wp-json\/wp\/v2\/comments?post=7834"}],"version-history":[{"count":16,"href":"https:\/\/blog.simons-voss.com\/fr\/wp-json\/wp\/v2\/posts\/7834\/revisions"}],"predecessor-version":[{"id":7920,"href":"https:\/\/blog.simons-voss.com\/fr\/wp-json\/wp\/v2\/posts\/7834\/revisions\/7920"}],"wp:featuredmedia":[{"embeddable":true,"href":"https:\/\/blog.simons-voss.com\/fr\/wp-json\/wp\/v2\/media\/7836"}],"wp:attachment":[{"href":"https:\/\/blog.simons-voss.com\/fr\/wp-json\/wp\/v2\/media?parent=7834"}],"wp:term":[{"taxonomy":"category","embeddable":true,"href":"https:\/\/blog.simons-voss.com\/fr\/wp-json\/wp\/v2\/categories?post=7834"},{"taxonomy":"post_tag","embeddable":true,"href":"https:\/\/blog.simons-voss.com\/fr\/wp-json\/wp\/v2\/tags?post=7834"}],"curies":[{"name":"wp","href":"https:\/\/api.w.org\/{rel}","templated":true}]}}